{"id":903,"date":"2022-12-13T10:27:47","date_gmt":"2022-12-13T10:27:47","guid":{"rendered":"http:\/\/dinkirke.no\/wordpress\/?p=903"},"modified":"2022-12-13T10:27:47","modified_gmt":"2022-12-13T10:27:47","slug":"nyhetsbrev-desember-2022","status":"publish","type":"post","link":"http:\/\/dinkirke.no\/wordpress\/index.php\/2022\/12\/13\/nyhetsbrev-desember-2022\/","title":{"rendered":"Nyhetsbrev desember 2022"},"content":{"rendered":"\n<figure class=\"wp-block-image\"><img fetchpriority=\"high\" decoding=\"async\" width=\"800\" height=\"800\" src=\"http:\/\/dinkirke.no\/wordpress\/wp-content\/uploads\/2019\/12\/adventslys.png\" alt=\"\" class=\"wp-image-625\" srcset=\"http:\/\/dinkirke.no\/wordpress\/wp-content\/uploads\/2019\/12\/adventslys.png 800w, http:\/\/dinkirke.no\/wordpress\/wp-content\/uploads\/2019\/12\/adventslys-200x200.png 200w, http:\/\/dinkirke.no\/wordpress\/wp-content\/uploads\/2019\/12\/adventslys-300x300.png 300w\" sizes=\"(max-width: 800px) 100vw, 800px\" \/><\/figure>\n\n\n\n<p>Hei alle sammen, her kommer \u00e5rets siste nyhetsbrev!&nbsp;<\/p>\n\n\n\n<h3 class=\"wp-block-heading\">Kveldsgudstjenester og \u00f8vrig felleskap&nbsp;<\/h3>\n\n\n\n<p>Vi fortsetter med \u00e5 invitere til \u00e5pne kveldsgudstjenester med nattverd hver fjerde s\u00f8ndag i Gustava Kiellands vei 12. Tid: kl 19-21. Datoer v\u00e5ren 2023: 22. januar, 19. februar, 19. mars, 16. april, 14. mai, 11. juni.&nbsp;<\/p>\n\n\n\n<p>\u00d8vrige samlinger blir opp til den enkeltes initiativ i huskirkene\/grupper. Samlinger som er \u00e5pne for alle kan gjerne legges p\u00e5 kalenderen p\u00e5 dinkirke.no. Ingeborg deler info p\u00e5 kalender eller SMS for dem som \u00f8nsker det.&nbsp;&nbsp;<\/p>\n\n\n\n<h3 class=\"wp-block-heading\">Felleskirkelige arrangementer&nbsp;&nbsp;<\/h3>\n\n\n\n<h4 class=\"wp-block-heading\">Fakkeltog&nbsp;<\/h4>\n\n\n\n<p>28. desember blir det fakkeltog i b\u00f8nn for flyktninger. Alle kirkene i Kongsberg g\u00e5r sammen om dette arrangementet. Det er planlagt som en b\u00f8nnevandring hvor menighetene g\u00e5r sammen fra byen og til akuttmottaket p\u00e5 Raumyr. Per n\u00e5 bor det ca 650 flykninger p\u00e5 mottaket som venter p\u00e5 bostedskommune. Vi \u00f8nsker \u00e5 vise flykningene et varmt velkommen og be for situasjonen i Ukraina. Det blir en kort samling ute ved mottaket etter fakkeltoget. Dersom du synes det blir langt \u00e5 g\u00e5 er det mulig \u00e5 bli med et stykke, eller m\u00f8te til avslutningen ved mottaket. Vi oppfordrer alle som har mulighet om \u00e5 delta. Mer informasjon med tidspunkt sendes ut p\u00e5 SMS-lista og legges p\u00e5 kalenderen p\u00e5 dinkirke.no s\u00e5 snart det er klart.&nbsp;&nbsp;&nbsp;<\/p>\n\n\n\n<h4 class=\"wp-block-heading\">Julefest p\u00e5 Krona&nbsp;<\/h4>\n\n\n\n<p>S\u00f8ndag 8. januar kl 11 er vi med og arrangerer julefest p\u00e5 Krona, sammen med de andre menighetene i byen. Barn fra alle menighetene er invitert til \u00e5 delta i et prosjektkor sammen med Kongsberg Kirkes Barnekor. Prosjektkoret vil \u00f8ve p\u00e5 sangene i forkant av julefesten. Dersom du har barn som vil v\u00e6re med, s\u00e5 gi beskjed til Ingeborg snarest, s\u00e5 formidler hun informasjon videre. Det blir andakt, gang rundt juletreet og godteposer til barna. Alle oppfordres til \u00e5 ta med kaker til felles bord. Vi serverer kaffe.&nbsp;&nbsp;<\/p>\n\n\n\n<h3 class=\"wp-block-heading\">Videre-konferanse&nbsp;<\/h3>\n\n\n\n<p>Frikirkens nye lederkonferanse \u2013 VIDERE23 \u2013 g\u00e5r av stabelen p\u00e5 Scandic Fornebu 9.-12. februar 2023. Dette er en helt ny satsning for Frikirken og FriBU, og vil v\u00e6re en viktig arena for \u00e5 samle hele kirkesamfunnet \u00e5rlig. Gjennom solid og retningsgivende undervisning vil tematikken \u00abEn vei videre\u00bb gi konkrete og praktiske tips for veien videre i v\u00e5r lokale kirke.&nbsp;&nbsp;<\/p>\n\n\n\n<p>Konferansen vil v\u00e6re en viktig arena for \u00e5 bygge nettverk, st\u00e5 sammen i fellesskap og sette en felles retning for Frikirken. Her er alle ledere og medarbeidere i Frikirken hjertelig velkommen!&nbsp;&nbsp;<\/p>\n\n\n\n<p>Menigheten dekker kostnaden for ansatte som vil reise. Vi \u00f8nsker ogs\u00e5 \u00e5 f\u00e5 med flere i menigheten. St\u00f8tte til konferanseavgift, overnatting og reise kan gis ut i fra behov\/s\u00f8knad. Ta kontakt med Ingeborg hvis du vil bli med.&nbsp;&nbsp;<\/p>\n\n\n\n<h3 class=\"wp-block-heading\">Prosjekt \u00abgi det videre\u00bb&nbsp;<\/h3>\n\n\n\n<p>\u00abGi det videre-prosjektet\u00bb v\u00e5rt g\u00e5r mot en avslutning etter 2 \u00e5r, 1. mars 2023. Det har v\u00e6rt givende \u00e5 kunne dele noen av v\u00e5re erfaringer med Silje Dammann som har v\u00e6rt prosjektvertskap i 10 % stilling. Vi m\u00e5 erkjenne at vi ikke har klart \u00e5 utvide prosjektet med flere vertskap, slik vi opprinnelig \u00f8nsket. Vi har derfor takket nei til andre del av prosjektmidlene vi hadde f\u00e5tt tildelt.&nbsp;&nbsp;<\/p>\n\n\n\n<h3 class=\"wp-block-heading\">Veien videre&nbsp;<\/h3>\n\n\n\n<p>P\u00e5 menighetsm\u00f8tet i juni utsatte menigheten det foresl\u00e5tte vedtaket som ville sette en retning for veien videre for fellesskapet v\u00e5rt. I h\u00f8st har menighetsstyret arbeidet videre med problemstillingen. Tilsynsmann Jan Inge Ringsby bes\u00f8kte oss i november og hadde samtaler med medlemmer i styret og menigheten samlet i nettverksm\u00f8te.&nbsp;<\/p>\n\n\n\n<p>I etterkant av dette har styret kommet til at vi ikke tar initiativ til endringer n\u00e5. Forslaget som ble forelagt i juni om \u00e5 arbeide med en kopling\/fusjon mot en annen DELF-menighet i Buskerud, Vestfold eller Oslo, er lagt p\u00e5 vent. Menighetsstyret er \u00e5pne for en offensiv replanting, men da trengs nye initiativ og ressurser. Samtalene om veien videre er naturlig tema p\u00e5 \u00e5rsm\u00f8tet.&nbsp;&nbsp;<\/p>\n\n\n\n<h3 class=\"wp-block-heading\">\u00c5rsm\u00f8te 2023&nbsp;<\/h3>\n\n\n\n<p>Dato for neste \u00e5rsm\u00f8te er satt til tirsdag 28. mars.&nbsp;<\/p>\n\n\n\n<h3 class=\"wp-block-heading\">Hilsen&nbsp;<\/h3>\n\n\n\n<p>\u00abOg se, jeg er med dere alle dager inntil verdens ende\u00bb (Matt 28,20b)&nbsp;<\/p>\n\n\n\n<p>Fredfull juletid og velsigna nytt \u00e5r \u00f8nskes deg og dine!&nbsp;<\/p>\n\n\n\n<p>Med vennlig hilsen&nbsp;&nbsp;<\/p>\n\n\n\n<p>Ingeborg Strand&nbsp;<\/p>\n","protected":false},"excerpt":{"rendered":"<p>Hei alle sammen, her kommer \u00e5rets siste nyhetsbrev!&nbsp; Kveldsgudstjenester og \u00f8vrig felleskap&nbsp; Vi fortsetter med \u00e5 invitere til \u00e5pne kveldsgudstjenester [&hellip;]<\/p>\n","protected":false},"author":1,"featured_media":0,"comment_status":"closed","ping_status":"closed","sticky":false,"template":"","format":"standard","meta":{"footnotes":""},"categories":[1],"tags":[],"class_list":["post-903","post","type-post","status-publish","format-standard","hentry","category-uncategorized"],"_links":{"self":[{"href":"http:\/\/dinkirke.no\/wordpress\/index.php\/wp-json\/wp\/v2\/posts\/903","targetHints":{"allow":["GET"]}}],"collection":[{"href":"http:\/\/dinkirke.no\/wordpress\/index.php\/wp-json\/wp\/v2\/posts"}],"about":[{"href":"http:\/\/dinkirke.no\/wordpress\/index.php\/wp-json\/wp\/v2\/types\/post"}],"author":[{"embeddable":true,"href":"http:\/\/dinkirke.no\/wordpress\/index.php\/wp-json\/wp\/v2\/users\/1"}],"replies":[{"embeddable":true,"href":"http:\/\/dinkirke.no\/wordpress\/index.php\/wp-json\/wp\/v2\/comments?post=903"}],"version-history":[{"count":1,"href":"http:\/\/dinkirke.no\/wordpress\/index.php\/wp-json\/wp\/v2\/posts\/903\/revisions"}],"predecessor-version":[{"id":904,"href":"http:\/\/dinkirke.no\/wordpress\/index.php\/wp-json\/wp\/v2\/posts\/903\/revisions\/904"}],"wp:attachment":[{"href":"http:\/\/dinkirke.no\/wordpress\/index.php\/wp-json\/wp\/v2\/media?parent=903"}],"wp:term":[{"taxonomy":"category","embeddable":true,"href":"http:\/\/dinkirke.no\/wordpress\/index.php\/wp-json\/wp\/v2\/categories?post=903"},{"taxonomy":"post_tag","embeddable":true,"href":"http:\/\/dinkirke.no\/wordpress\/index.php\/wp-json\/wp\/v2\/tags?post=903"}],"curies":[{"name":"wp","href":"https:\/\/api.w.org\/{rel}","templated":true}]}}