{"id":899,"date":"2022-09-28T07:27:35","date_gmt":"2022-09-28T07:27:35","guid":{"rendered":"http:\/\/dinkirke.no\/wordpress\/?p=899"},"modified":"2022-09-28T07:27:36","modified_gmt":"2022-09-28T07:27:36","slug":"tilsynsbesok-og-nettverksmote-13-oktober","status":"publish","type":"post","link":"http:\/\/dinkirke.no\/wordpress\/index.php\/2022\/09\/28\/tilsynsbesok-og-nettverksmote-13-oktober\/","title":{"rendered":"Tilsynsbes\u00f8k og nettverksm\u00f8te 13. oktober"},"content":{"rendered":"\n<p>I forbindelse med prosessen vi som menighet er inne i ang\u00e5ende avklaring av videre satsningsomr\u00e5der, s\u00e5 kommer v\u00e5r tilsynsmann i Frikirka, Jan Inge Ringsby p\u00e5 bes\u00f8k til oss torsdag 13. oktober. Det blir et \u00e5pent nettverksm\u00f8te, uten annen agenda enn \u00e5 snakke om veien videre. P\u00e5 menighetsm\u00f8tet som vi hadde i v\u00e5r, s\u00e5 ble vi enige om \u00e5 utsette vedtak i saken. N\u00e5 fortsetter vi samtalen sammen med Jan Inge.<\/p>\n\n\n\n<p>M\u00f8tet blir i et eget rom vi har reservert i kjelleren p\u00e5 Peppes Pizza i Thornes vei 4,&nbsp; torsdag 13.10 kl 16-18. Ingeborg bestiller pizza til de som melder seg p\u00e5 innen tirsdag 11.10 (tlf Ingeborg 918 59 049). Hele familien er velkommen. Etter m\u00f8tet blir det mulighet for \u00e5 g\u00e5 sammen til Kirketorget hvor det skal v\u00e6re en minnemarkering etter drapene som skjedde i Kongsberg 13. oktober i fjor.&nbsp;<\/p>\n\n\n\n<p>Jan Inge er tilgjengelig for samtaler f\u00f8r eller etter m\u00f8tet, dersom noen skulle \u00f8nske \u00e5 snakke med ham alene. Dette kan avtales direkte med ham p\u00e5 tlf 474 66 376 evt e-post:\u00a0janinge.ringsby@frikirken.no<\/p>\n\n\n\n<figure class=\"wp-block-image\"><img fetchpriority=\"high\" decoding=\"async\" width=\"1024\" height=\"768\" src=\"http:\/\/dinkirke.no\/wordpress\/wp-content\/uploads\/2017\/08\/Ef-614-1024x768.png\" alt=\"\" class=\"wp-image-323\" srcset=\"http:\/\/dinkirke.no\/wordpress\/wp-content\/uploads\/2017\/08\/Ef-614.png 1024w, http:\/\/dinkirke.no\/wordpress\/wp-content\/uploads\/2017\/08\/Ef-614-300x225.png 300w\" sizes=\"(max-width: 1024px) 100vw, 1024px\" \/><\/figure>\n","protected":false},"excerpt":{"rendered":"<p>I forbindelse med prosessen vi som menighet er inne i ang\u00e5ende avklaring av videre satsningsomr\u00e5der, s\u00e5 kommer v\u00e5r tilsynsmann i [&hellip;]<\/p>\n","protected":false},"author":1,"featured_media":0,"comment_status":"closed","ping_status":"closed","sticky":false,"template":"","format":"standard","meta":{"footnotes":""},"categories":[1],"tags":[],"class_list":["post-899","post","type-post","status-publish","format-standard","hentry","category-uncategorized"],"_links":{"self":[{"href":"http:\/\/dinkirke.no\/wordpress\/index.php\/wp-json\/wp\/v2\/posts\/899","targetHints":{"allow":["GET"]}}],"collection":[{"href":"http:\/\/dinkirke.no\/wordpress\/index.php\/wp-json\/wp\/v2\/posts"}],"about":[{"href":"http:\/\/dinkirke.no\/wordpress\/index.php\/wp-json\/wp\/v2\/types\/post"}],"author":[{"embeddable":true,"href":"http:\/\/dinkirke.no\/wordpress\/index.php\/wp-json\/wp\/v2\/users\/1"}],"replies":[{"embeddable":true,"href":"http:\/\/dinkirke.no\/wordpress\/index.php\/wp-json\/wp\/v2\/comments?post=899"}],"version-history":[{"count":1,"href":"http:\/\/dinkirke.no\/wordpress\/index.php\/wp-json\/wp\/v2\/posts\/899\/revisions"}],"predecessor-version":[{"id":900,"href":"http:\/\/dinkirke.no\/wordpress\/index.php\/wp-json\/wp\/v2\/posts\/899\/revisions\/900"}],"wp:attachment":[{"href":"http:\/\/dinkirke.no\/wordpress\/index.php\/wp-json\/wp\/v2\/media?parent=899"}],"wp:term":[{"taxonomy":"category","embeddable":true,"href":"http:\/\/dinkirke.no\/wordpress\/index.php\/wp-json\/wp\/v2\/categories?post=899"},{"taxonomy":"post_tag","embeddable":true,"href":"http:\/\/dinkirke.no\/wordpress\/index.php\/wp-json\/wp\/v2\/tags?post=899"}],"curies":[{"name":"wp","href":"https:\/\/api.w.org\/{rel}","templated":true}]}}