{"id":859,"date":"2022-01-28T13:20:32","date_gmt":"2022-01-28T13:20:32","guid":{"rendered":"http:\/\/dinkirke.no\/wordpress\/?p=859"},"modified":"2022-01-28T13:20:32","modified_gmt":"2022-01-28T13:20:32","slug":"fellesskapskvelder","status":"publish","type":"post","link":"http:\/\/dinkirke.no\/wordpress\/index.php\/2022\/01\/28\/fellesskapskvelder\/","title":{"rendered":"Fellesskapskvelder"},"content":{"rendered":"\n<figure class=\"wp-block-image\"><img fetchpriority=\"high\" decoding=\"async\" width=\"1024\" height=\"576\" src=\"http:\/\/dinkirke.no\/wordpress\/wp-content\/uploads\/2022\/01\/Musikkglede-1024x576.png\" alt=\"\" class=\"wp-image-860\" srcset=\"http:\/\/dinkirke.no\/wordpress\/wp-content\/uploads\/2022\/01\/Musikkglede-1024x576.png 1024w, http:\/\/dinkirke.no\/wordpress\/wp-content\/uploads\/2022\/01\/Musikkglede-300x169.png 300w, http:\/\/dinkirke.no\/wordpress\/wp-content\/uploads\/2022\/01\/Musikkglede.png 1920w\" sizes=\"(max-width: 1024px) 100vw, 1024px\" \/><\/figure>\n\n\n\n<p>Vi starter opp med fellesskapskvelder i nettverket en s\u00f8ndag per m\u00e5ned. I utgangspunktet 1. s\u00f8ndag i m\u00e5neden, men unntak for mars pga vinterferie, da m\u00f8tes vi s\u00f8ndag 13. mars &#8211; og i juni blir det mandag 2. pinsedag. <\/p>\n\n\n\n<p>Vi m\u00f8tes p\u00e5 tvers av huskirkene for \u00e5 dele liv, lovsynge og be sammen. Jens Iver deler noe fra Bibelen.<\/p>\n\n\n\n<p>H\u00e5per \u00e5 se deg og at du tenker p\u00e5 om du har en venn du vil invitere med:-)<\/p>\n","protected":false},"excerpt":{"rendered":"<p>Vi starter opp med fellesskapskvelder i nettverket en s\u00f8ndag per m\u00e5ned. I utgangspunktet 1. s\u00f8ndag i m\u00e5neden, men unntak for [&hellip;]<\/p>\n","protected":false},"author":1,"featured_media":0,"comment_status":"closed","ping_status":"closed","sticky":false,"template":"","format":"standard","meta":{"footnotes":""},"categories":[1],"tags":[19,23,84,87,21,20],"class_list":["post-859","post","type-post","status-publish","format-standard","hentry","category-uncategorized","tag-bibelundervisning","tag-fellesskap","tag-kristen-fellesskap","tag-lovsang","tag-nettverk","tag-nettverkssamlinger"],"_links":{"self":[{"href":"http:\/\/dinkirke.no\/wordpress\/index.php\/wp-json\/wp\/v2\/posts\/859","targetHints":{"allow":["GET"]}}],"collection":[{"href":"http:\/\/dinkirke.no\/wordpress\/index.php\/wp-json\/wp\/v2\/posts"}],"about":[{"href":"http:\/\/dinkirke.no\/wordpress\/index.php\/wp-json\/wp\/v2\/types\/post"}],"author":[{"embeddable":true,"href":"http:\/\/dinkirke.no\/wordpress\/index.php\/wp-json\/wp\/v2\/users\/1"}],"replies":[{"embeddable":true,"href":"http:\/\/dinkirke.no\/wordpress\/index.php\/wp-json\/wp\/v2\/comments?post=859"}],"version-history":[{"count":1,"href":"http:\/\/dinkirke.no\/wordpress\/index.php\/wp-json\/wp\/v2\/posts\/859\/revisions"}],"predecessor-version":[{"id":861,"href":"http:\/\/dinkirke.no\/wordpress\/index.php\/wp-json\/wp\/v2\/posts\/859\/revisions\/861"}],"wp:attachment":[{"href":"http:\/\/dinkirke.no\/wordpress\/index.php\/wp-json\/wp\/v2\/media?parent=859"}],"wp:term":[{"taxonomy":"category","embeddable":true,"href":"http:\/\/dinkirke.no\/wordpress\/index.php\/wp-json\/wp\/v2\/categories?post=859"},{"taxonomy":"post_tag","embeddable":true,"href":"http:\/\/dinkirke.no\/wordpress\/index.php\/wp-json\/wp\/v2\/tags?post=859"}],"curies":[{"name":"wp","href":"https:\/\/api.w.org\/{rel}","templated":true}]}}