{"id":173,"date":"2015-04-13T11:23:01","date_gmt":"2015-04-13T11:23:01","guid":{"rendered":"http:\/\/dinkirke.no\/wordpress\/?p=173"},"modified":"2016-09-08T08:57:21","modified_gmt":"2016-09-08T08:57:21","slug":"frikirkens-sommerfestival","status":"publish","type":"post","link":"http:\/\/dinkirke.no\/wordpress\/index.php\/2015\/04\/13\/frikirkens-sommerfestival\/","title":{"rendered":"Frikirkens sommerfestival"},"content":{"rendered":"<p>Frikirkens \u00e5rlige sommerfestival g\u00e5r av stabelen 15.-19. juli. Temaet for festivalen er hentet fra Herrens b\u00f8nn og i \u00e5r er temaet: &laquo;Tilgi oss v\u00e5r skyld, slik ogs\u00e5 vi tilgir v\u00e5re skyldnere&#8230;&raquo;<\/p>\n<div id=\"post-body-5037529673454686790\" class=\"post-body entry-content\">\n<div class=\"separator\"><a href=\"http:\/\/2.bp.blogspot.com\/-BRjJAC4B8Wo\/VSuKVAdnRBI\/AAAAAAAAAss\/Xwhk8VjTHpk\/s1600\/Visjon%2B2015.JPG\"><img fetchpriority=\"high\" decoding=\"async\" class=\"aligncenter\" src=\"http:\/\/2.bp.blogspot.com\/-BRjJAC4B8Wo\/VSuKVAdnRBI\/AAAAAAAAAss\/Xwhk8VjTHpk\/s1600\/Visjon%2B2015.JPG\" width=\"283\" height=\"400\" border=\"0\" \/><\/a><\/div>\n<p>H\u00f8res dette spennende ut? Les mer og meld deg p\u00e5 via: <a href=\"http:\/\/visjon.frikirken.no\/\"><span style=\"color: #249fa3;\">http:\/\/visjon.frikirken.no<\/span><\/a>\/.<\/p>\n<\/div>\n","protected":false},"excerpt":{"rendered":"<p>Frikirkens \u00e5rlige sommerfestival g\u00e5r av stabelen 15.-19. juli. Temaet for festivalen er hentet fra Herrens b\u00f8nn og i \u00e5r er [&hellip;]<\/p>\n","protected":false},"author":1,"featured_media":0,"comment_status":"open","ping_status":"open","sticky":false,"template":"","format":"standard","meta":{"footnotes":""},"categories":[1],"tags":[],"class_list":["post-173","post","type-post","status-publish","format-standard","hentry","category-uncategorized"],"_links":{"self":[{"href":"http:\/\/dinkirke.no\/wordpress\/index.php\/wp-json\/wp\/v2\/posts\/173","targetHints":{"allow":["GET"]}}],"collection":[{"href":"http:\/\/dinkirke.no\/wordpress\/index.php\/wp-json\/wp\/v2\/posts"}],"about":[{"href":"http:\/\/dinkirke.no\/wordpress\/index.php\/wp-json\/wp\/v2\/types\/post"}],"author":[{"embeddable":true,"href":"http:\/\/dinkirke.no\/wordpress\/index.php\/wp-json\/wp\/v2\/users\/1"}],"replies":[{"embeddable":true,"href":"http:\/\/dinkirke.no\/wordpress\/index.php\/wp-json\/wp\/v2\/comments?post=173"}],"version-history":[{"count":3,"href":"http:\/\/dinkirke.no\/wordpress\/index.php\/wp-json\/wp\/v2\/posts\/173\/revisions"}],"predecessor-version":[{"id":176,"href":"http:\/\/dinkirke.no\/wordpress\/index.php\/wp-json\/wp\/v2\/posts\/173\/revisions\/176"}],"wp:attachment":[{"href":"http:\/\/dinkirke.no\/wordpress\/index.php\/wp-json\/wp\/v2\/media?parent=173"}],"wp:term":[{"taxonomy":"category","embeddable":true,"href":"http:\/\/dinkirke.no\/wordpress\/index.php\/wp-json\/wp\/v2\/categories?post=173"},{"taxonomy":"post_tag","embeddable":true,"href":"http:\/\/dinkirke.no\/wordpress\/index.php\/wp-json\/wp\/v2\/tags?post=173"}],"curies":[{"name":"wp","href":"https:\/\/api.w.org\/{rel}","templated":true}]}}