{"id":169,"date":"2015-04-23T13:06:55","date_gmt":"2015-04-23T13:06:55","guid":{"rendered":"http:\/\/dinkirke.no\/wordpress\/?p=169"},"modified":"2016-09-08T08:49:16","modified_gmt":"2016-09-08T08:49:16","slug":"hva-er-det-beste-med-huskirkelivet","status":"publish","type":"post","link":"http:\/\/dinkirke.no\/wordpress\/index.php\/2015\/04\/23\/hva-er-det-beste-med-huskirkelivet\/","title":{"rendered":"Hva er det beste med huskirkelivet?"},"content":{"rendered":"<h2 class=\"date-header\"><a href=\"http:\/\/3.bp.blogspot.com\/-NfUPmWGWFow\/VTjNZ-YKaKI\/AAAAAAAAAts\/zrE-nH18qg4\/s1600\/huskirkelivet.png\"><img fetchpriority=\"high\" decoding=\"async\" class=\"alignright\" src=\"http:\/\/3.bp.blogspot.com\/-NfUPmWGWFow\/VTjNZ-YKaKI\/AAAAAAAAAts\/zrE-nH18qg4\/s1600\/huskirkelivet.png\" width=\"320\" height=\"268\" border=\"0\" \/><\/a>I mars hadde menigheten bes\u00f8k av tilsynsmann Gunnar Johnsen. Hensikten med tilsynet er b\u00e5de \u00e5 v\u00e6re kontrollorgan men ogs\u00e5 \u00e5 bli kjent med menigheten og kunne gi hjelp\/r\u00e5d\/veiledning.<\/p>\n<p>I l\u00f8pet av tilsynsbes\u00f8ket hadde vi \u00e5rsm\u00f8te og p\u00e5 dette m\u00f8tet fikk tilsynsmannen stille noen sp\u00f8rsm\u00e5l til menigheten. Runden rundt bordet var veldig oppmuntrende \u00e5 f\u00f8lge. Referatet fra m\u00f8tet gjengir svarene i stikkordsform og kan kanskje v\u00e6re til oppmuntring for flere:<\/h2>\n<div class=\"date-posts\">\n<div class=\"post-outer\">\n<div class=\"post hentry uncustomized-post-template\">\n<div id=\"post-body-7779662513968346596\" class=\"post-body entry-content\">\n<h3>1. Hva er det fineste ved din huskirke?<\/h3>\n<ul>\n<li>\u00c5 dele liv med s\u00f8sken i troen. Noe st\u00f8rre enn \u00e5 v\u00e6re venner eller \u00e5 v\u00e6re i en komite sammen.<\/li>\n<li>F\u00e5r erfare at Gud er n\u00e6r i hverdagen.<\/li>\n<li>Huskirke er hele tida og at familien er en del av det. Har vokst inn i ungene. Oppmuntret over hvor kloke barna er i sitt hverdagsliv med Jesus og hvordan de preger milj\u00f8ene de er i.<\/li>\n<li>Kj\u00e6rlighet og omsorg i fellesskapet n\u00e5r vi er sammen.<\/li>\n<li>Huskirka f\u00e5r v\u00e6re familie for folk som ikke har en familie.<\/li>\n<li>N\u00e6re relasjoner hvor vi knyttes sammen, \u00abl\u00e5ne\u00bb andres barn.<\/li>\n<li>Gj\u00f8re ting sammen, g\u00e5 ut to og to. Leve n\u00e6rt Ordet og la det v\u00e6re livsn\u00e6rt.<\/li>\n<li>\u00c5 v\u00e6re en del av det som en hel familie.<\/li>\n<li>Oppleves som en utvida familie, \u00abb\u00e6re hverandres byrder\u00bb.<\/li>\n<li>Freden som alltid senker seg under nattverden. Guds fred som p\u00e5virker livene v\u00e5re.<\/li>\n<li>Et naturlig liv, avslappet og fint, barna leiker og vi har kirke.<\/li>\n<li>\u00c5 leve sammen som s\u00f8sken f\u00e5r en annen dimensjon n\u00e5r det er s\u00e5 n\u00e6rt hverdagslivet.<\/li>\n<\/ul>\n<h3>2. Hvilke dr\u00f8mmer har dere for huskirka?<\/h3>\n<p><a href=\"http:\/\/4.bp.blogspot.com\/-7qmguN9Gdck\/VTjNZ6nOXhI\/AAAAAAAAAto\/L_qYlce7rbQ\/s1600\/dr%C3%B8mmer.png\"><img decoding=\"async\" class=\"alignright\" src=\"http:\/\/4.bp.blogspot.com\/-7qmguN9Gdck\/VTjNZ6nOXhI\/AAAAAAAAAto\/L_qYlce7rbQ\/s1600\/dr%C3%B8mmer.png\" width=\"320\" height=\"320\" border=\"0\" \/><\/a><\/p>\n<ul>\n<li>At flere f\u00e5r oppleve det samme.<\/li>\n<li>\u00c5 se flere av naboene f\u00e5 v\u00e6re med i det.<\/li>\n<li>Se at det multipliserer seg.<\/li>\n<li>Huskirke i mitt eget hjem.<\/li>\n<li>En huskirke i hver gate.<\/li>\n<li>Se enkeltpersoner bli omvendt.<\/li>\n<li>Leve s\u00e5nn at \u00abduften\u00bb av oss er tiltrekkende.<\/li>\n<li>At andre kristne skal f\u00e5 oppleve at dette er noe godt, ikke noe s\u00e6rt eller rart.<\/li>\n<\/ul>\n<p>Gunnar Johnsen avsluttet med \u00e5 lese noen vers fra Bibelen som en oppmuntring til oss:<\/p>\n<p>&raquo;\u00a0<span class=\"verse\">Se p\u00e5 dere selv, s\u00f8sken, dere som ble kalt: ikke mange vise etter menneskelige m\u00e5l og ikke mange med makt eller av fornem slekt.<\/span>\u00a0<span class=\"verse\">Men det som i verdens \u00f8yne er d\u00e5rskap, det utvalgte Gud for \u00e5 gj\u00f8re de vise til skamme, og det som i verdens \u00f8yne er svakt, det utvalgte Gud for \u00e5 gj\u00f8re det sterke til skamme.<\/span><span class=\"verse\"><b>\u00a0<\/b><\/span><span class=\"verse\">Ja, det som i verdens \u00f8yne st\u00e5r lavt, det som blir foraktet, det som ikke er noe, det utvalgte Gud for \u00e5 gj\u00f8re til intet det som er noe,<\/span>\u00a0<span class=\"verse\">for at ingen mennesker skal ha noe \u00e5 v\u00e6re stolt av overfor Gud.&raquo; (1. Kor 1,26-29)<\/span><\/div>\n<\/div>\n<\/div>\n<\/div>\n","protected":false},"excerpt":{"rendered":"<p>I mars hadde menigheten bes\u00f8k av tilsynsmann Gunnar Johnsen. Hensikten med tilsynet er b\u00e5de \u00e5 v\u00e6re kontrollorgan men ogs\u00e5 \u00e5 [&hellip;]<\/p>\n","protected":false},"author":1,"featured_media":0,"comment_status":"open","ping_status":"open","sticky":false,"template":"","format":"standard","meta":{"footnotes":""},"categories":[1],"tags":[],"class_list":["post-169","post","type-post","status-publish","format-standard","hentry","category-uncategorized"],"_links":{"self":[{"href":"http:\/\/dinkirke.no\/wordpress\/index.php\/wp-json\/wp\/v2\/posts\/169","targetHints":{"allow":["GET"]}}],"collection":[{"href":"http:\/\/dinkirke.no\/wordpress\/index.php\/wp-json\/wp\/v2\/posts"}],"about":[{"href":"http:\/\/dinkirke.no\/wordpress\/index.php\/wp-json\/wp\/v2\/types\/post"}],"author":[{"embeddable":true,"href":"http:\/\/dinkirke.no\/wordpress\/index.php\/wp-json\/wp\/v2\/users\/1"}],"replies":[{"embeddable":true,"href":"http:\/\/dinkirke.no\/wordpress\/index.php\/wp-json\/wp\/v2\/comments?post=169"}],"version-history":[{"count":1,"href":"http:\/\/dinkirke.no\/wordpress\/index.php\/wp-json\/wp\/v2\/posts\/169\/revisions"}],"predecessor-version":[{"id":170,"href":"http:\/\/dinkirke.no\/wordpress\/index.php\/wp-json\/wp\/v2\/posts\/169\/revisions\/170"}],"wp:attachment":[{"href":"http:\/\/dinkirke.no\/wordpress\/index.php\/wp-json\/wp\/v2\/media?parent=169"}],"wp:term":[{"taxonomy":"category","embeddable":true,"href":"http:\/\/dinkirke.no\/wordpress\/index.php\/wp-json\/wp\/v2\/categories?post=169"},{"taxonomy":"post_tag","embeddable":true,"href":"http:\/\/dinkirke.no\/wordpress\/index.php\/wp-json\/wp\/v2\/tags?post=169"}],"curies":[{"name":"wp","href":"https:\/\/api.w.org\/{rel}","templated":true}]}}