{"id":167,"date":"2015-08-10T10:12:24","date_gmt":"2015-08-10T10:12:24","guid":{"rendered":"http:\/\/dinkirke.no\/wordpress\/?p=167"},"modified":"2016-09-08T08:46:52","modified_gmt":"2016-09-08T08:46:52","slug":"fellesskapshelg-14-16-august","status":"publish","type":"post","link":"http:\/\/dinkirke.no\/wordpress\/index.php\/2015\/08\/10\/fellesskapshelg-14-16-august\/","title":{"rendered":"Fellesskapshelg 14.-16. august"},"content":{"rendered":"<h2 class=\"date-header\">Helga 14. -16. august blir det fellesskapshelg i nettverket v\u00e5rt.<\/p>\n<p>Det pleier \u00e5 arte seg som en slags &laquo;bo-hjemme-leir&raquo; hvor det er mange muligheter for sosialt liv p\u00e5 tvers av huskirkene. Vi m\u00f8tes i de forskjellige huskirkene, eller til aktiviteter andre steder, alt etter v\u00e6r og f\u00f8re. Det kjekke med denne formen for leir er at det er enkelt \u00e5 &laquo;droppe&raquo; innom n\u00e5r det m\u00e5tte passe for dem som ikke har hele helga fri.<\/h2>\n<div class=\"date-posts\">\n<div class=\"post-outer\">\n<div class=\"post hentry uncustomized-post-template\">\n<div id=\"post-body-965807918597627422\" class=\"post-body entry-content\">\n<div class=\"_5pbx userContent\" data-ft=\"{&quot;tn&quot;:&quot;K&quot;}\">\n<div data-ft=\"{&quot;tn&quot;:&quot;H&quot;}\">\n<div class=\"mtm\">\n<div class=\"uiScaledImageContainer _517g\">Vi starter p\u00e5 fredag med middag i M\u00fcnstersvei 34 kl 16.30. Ingeborg ordner med suppe og rundstykker og vil gjerne vite s\u00e5nn cirka\u00a0hvor mange som kommer, s\u00e5 er det enklere \u00e5 beregne matmengde og\u00a0antall stoler.\u00a0Send\u00a0en SMS til 918 59 049. Etterp\u00e5 blir det kveldsm\u00f8te i Gustava Kiellandsvei 12 kl 20. Jens Iver Jensen skal preike for oss;-)<\/p>\n<p>P\u00e5 l\u00f8rdag inviterer familien Wallumr\u00f8d til \u00e5 samles i Deichmannsgate 11. Det blir\u00a0grillspleis fra\u00a0klokka 15 til 17. Ta med noe \u00e5 grille, vertskapet ordner med tilbeh\u00f8r som salat, ris og drikke. Ca kl 17 blir det kake og kaffe. Ta gjerne med en kakefavoritt. Klokka 18 blir det en enkel samling med sang, ord og b\u00f8nn. Her blir det enkle, barnevennlige rammer og rom for \u00e5 utvide fellesskapet litt utover kvelden.<\/p>\n<p>S\u00f8ndag samles vi i huskirka i Maurits Hansensgate 22. Det blir frokost klokka 10, etterfulgt av nattverd, lovsang og fellesskap rundt s\u00f8ndagens tekster.<\/p>\n<p>Der det er \u00e5pne &laquo;hull&raquo; i kalenderen er det fortsatt mulig\u00a0\u00e5 komme med innspill\/invitasjoner!<\/p>\n<p>F\u00f8lg med p\u00e5 kalenderen p\u00e5 <a href=\"http:\/\/www.dinkirke.no\/\"><span style=\"color: #249fa3;\">www.dinkirke.no<\/span><\/a>\u00a0for \u00e5 v\u00e6re oppdatert p\u00e5 det som skjer.<\/p>\n<p><em><strong>&laquo;Her er ikke j\u00f8de eller greker, her er ikke slave eller fri, her er ikke mann og kvinne. Dere er alle\u00a0en i Kristus Jesus.&raquo;<\/strong><\/em> (Galaterne 3,28)<br \/>\n<b><\/b><br \/>\nVelkommen!<\/div>\n<\/div>\n<\/div>\n<\/div>\n<\/div>\n<\/div>\n<\/div>\n<\/div>\n","protected":false},"excerpt":{"rendered":"<p>Helga 14. -16. august blir det fellesskapshelg i nettverket v\u00e5rt. Det pleier \u00e5 arte seg som en slags &laquo;bo-hjemme-leir&raquo; hvor [&hellip;]<\/p>\n","protected":false},"author":1,"featured_media":0,"comment_status":"open","ping_status":"open","sticky":false,"template":"","format":"standard","meta":{"footnotes":""},"categories":[1],"tags":[],"class_list":["post-167","post","type-post","status-publish","format-standard","hentry","category-uncategorized"],"_links":{"self":[{"href":"http:\/\/dinkirke.no\/wordpress\/index.php\/wp-json\/wp\/v2\/posts\/167","targetHints":{"allow":["GET"]}}],"collection":[{"href":"http:\/\/dinkirke.no\/wordpress\/index.php\/wp-json\/wp\/v2\/posts"}],"about":[{"href":"http:\/\/dinkirke.no\/wordpress\/index.php\/wp-json\/wp\/v2\/types\/post"}],"author":[{"embeddable":true,"href":"http:\/\/dinkirke.no\/wordpress\/index.php\/wp-json\/wp\/v2\/users\/1"}],"replies":[{"embeddable":true,"href":"http:\/\/dinkirke.no\/wordpress\/index.php\/wp-json\/wp\/v2\/comments?post=167"}],"version-history":[{"count":1,"href":"http:\/\/dinkirke.no\/wordpress\/index.php\/wp-json\/wp\/v2\/posts\/167\/revisions"}],"predecessor-version":[{"id":168,"href":"http:\/\/dinkirke.no\/wordpress\/index.php\/wp-json\/wp\/v2\/posts\/167\/revisions\/168"}],"wp:attachment":[{"href":"http:\/\/dinkirke.no\/wordpress\/index.php\/wp-json\/wp\/v2\/media?parent=167"}],"wp:term":[{"taxonomy":"category","embeddable":true,"href":"http:\/\/dinkirke.no\/wordpress\/index.php\/wp-json\/wp\/v2\/categories?post=167"},{"taxonomy":"post_tag","embeddable":true,"href":"http:\/\/dinkirke.no\/wordpress\/index.php\/wp-json\/wp\/v2\/tags?post=167"}],"curies":[{"name":"wp","href":"https:\/\/api.w.org\/{rel}","templated":true}]}}