{"id":1038,"date":"2024-12-27T11:49:47","date_gmt":"2024-12-27T11:49:47","guid":{"rendered":"https:\/\/dinkirke.no\/wordpress\/?p=1038"},"modified":"2024-12-27T11:49:48","modified_gmt":"2024-12-27T11:49:48","slug":"nyhetsbrev-jula-2024","status":"publish","type":"post","link":"http:\/\/dinkirke.no\/wordpress\/index.php\/2024\/12\/27\/nyhetsbrev-jula-2024\/","title":{"rendered":"Nyhetsbrev jula 2024"},"content":{"rendered":"\n<p class=\"has-pale-cyan-blue-background-color has-background\">2024 g\u00e5r mot slutten. Det er tida for \u00e5 feire at Gud ble menneske. En tid som ofte kaller oss til \u00e5 b\u00e5de se tilbake p\u00e5 \u00e5ret som har g\u00e5tt, det som har v\u00e6rt &#8211; og se framover mot et nytt \u00e5r, nye begynnelser. I tillegg til at vi som alltid utfordres p\u00e5 \u00e5 v\u00e6re tilstede akkurat her, akkurat n\u00e5.&nbsp;<br>Jeg sender en liten hilsen med forh\u00e5ndsvarsel p\u00e5 hva som skjer framover, og en liten oppsummering av noe av det som har v\u00e6rt.<\/p>\n\n\n\n<h2 class=\"wp-block-heading has-vivid-cyan-blue-background-color has-background\"><strong>Menighetsm\u00f8te 19. januar<\/strong><\/h2>\n\n\n\n<p class=\"has-white-color has-vivid-cyan-blue-background-color has-text-color has-background has-link-color wp-elements-8ad30d1570d9005715d6eaba08e3059a\">Rapporten fra tilsynsbes\u00f8ket vi hadde i h\u00f8st er klar og skal behandles i menighetsm\u00f8te 19. januar. Rapporten gir noen r\u00e5d som vi b\u00f8r ta stilling til. Hovedutfordringer som skisseres er \u00e5 rekruttere flere inn i lederskap, arrangere \u00e5pne samlinger hvor det er lett \u00e5 invitere flere inn, samt \u00e5 se p\u00e5 20-\u00e5rsjubileet som en anledning til \u00e5 starte et nytt kapittel for menigheten.&nbsp;<br>Jeg h\u00e5per s\u00e5 mange som mulig vil ta seg tid til \u00e5 v\u00e6re med i denne prosessen. Vi legger opp til \u00e5 m\u00f8tes til middagsspleis og nattverd s\u00f8ndag 19. januar kl 18 og fortsetter med menighetsm\u00f8te i etterkant av dette. Rapporten kan du lese her: <a href=\"http:\/\/dinkirke.no\/wordpress\/wp-content\/uploads\/2024\/12\/DELF-Kongsberg-Tilsynsrapport-2024.pdf\">Tilsynsrapport&nbsp;<\/a><\/p>\n\n\n\n<h2 class=\"wp-block-heading\">Ungdomsgruppe<\/h2>\n\n\n\n<div class=\"wp-block-media-text is-stacked-on-mobile\"><figure class=\"wp-block-media-text__media\"><img fetchpriority=\"high\" decoding=\"async\" width=\"940\" height=\"788\" src=\"http:\/\/dinkirke.no\/wordpress\/wp-content\/uploads\/2023\/10\/ungdomsgruppe.png\" alt=\"\" class=\"wp-image-955 size-full\" srcset=\"http:\/\/dinkirke.no\/wordpress\/wp-content\/uploads\/2023\/10\/ungdomsgruppe.png 940w, http:\/\/dinkirke.no\/wordpress\/wp-content\/uploads\/2023\/10\/ungdomsgruppe-300x251.png 300w\" sizes=\"(max-width: 940px) 100vw, 940px\" \/><\/figure><div class=\"wp-block-media-text__content\">\n<figure class=\"wp-block-table\"><table class=\"has-light-green-cyan-background-color has-background has-fixed-layout\"><tbody><tr><td>13 ungdommer har deltatt p\u00e5 deler av Alphakurset for ungdom som vi har arrangert n\u00e5 i h\u00f8st. Av disse har 9 stykker deltatt p\u00e5 mer enn 75% av kurset. Det har v\u00e6rt en oppmuntrende prosess p\u00e5 mange m\u00e5ter. Kanskje er det mulighet for at ungdommene \u00f8nsker \u00e5 m\u00f8tes til fellesskap videre etter nytt\u00e5r. Vi inviterer til en fellesskapskveld med pizza s\u00f8ndag 12. januar kl 19 &#8211; s\u00e5 f\u00e5r vi se om det kan bli starten p\u00e5 noe mer.<\/td><\/tr><\/tbody><\/table><\/figure>\n<\/div><\/div>\n\n\n\n<div class=\"wp-block-media-text has-media-on-the-right is-stacked-on-mobile\"><div class=\"wp-block-media-text__content\">\n<p class=\"has-luminous-vivid-amber-background-color has-background\">Tradisjonen tro blir det mulighet for \u00e5 komme sammen til nytt\u00e5rsfeiring hos familien Andersen nytt\u00e5rsaften fra kl 19. Meld fra i romjula hvis du vil delta.<\/p>\n<\/div><figure class=\"wp-block-media-text__media\"><img decoding=\"async\" width=\"600\" height=\"900\" src=\"http:\/\/dinkirke.no\/wordpress\/wp-content\/uploads\/2024\/12\/nyttar.png\" alt=\"\" class=\"wp-image-1027 size-full\" srcset=\"http:\/\/dinkirke.no\/wordpress\/wp-content\/uploads\/2024\/12\/nyttar.png 600w, http:\/\/dinkirke.no\/wordpress\/wp-content\/uploads\/2024\/12\/nyttar-200x300.png 200w\" sizes=\"(max-width: 600px) 100vw, 600px\" \/><\/figure><\/div>\n\n\n\n<div class=\"wp-block-media-text is-stacked-on-mobile\"><figure class=\"wp-block-media-text__media\"><img decoding=\"async\" width=\"724\" height=\"1024\" src=\"http:\/\/dinkirke.no\/wordpress\/wp-content\/uploads\/2024\/12\/julefest-2024-724x1024.png\" alt=\"\" class=\"wp-image-1029 size-full\" srcset=\"http:\/\/dinkirke.no\/wordpress\/wp-content\/uploads\/2024\/12\/julefest-2024-724x1024.png 724w, http:\/\/dinkirke.no\/wordpress\/wp-content\/uploads\/2024\/12\/julefest-2024-212x300.png 212w, http:\/\/dinkirke.no\/wordpress\/wp-content\/uploads\/2024\/12\/julefest-2024-1086x1536.png 1086w, http:\/\/dinkirke.no\/wordpress\/wp-content\/uploads\/2024\/12\/julefest-2024.png 1414w\" sizes=\"(max-width: 724px) 100vw, 724px\" \/><\/figure><div class=\"wp-block-media-text__content\">\n<p class=\"has-light-green-cyan-background-color has-background\">S\u00f8ndag 5. januar kl 12.30 blir det felleskirkelig julefest p\u00e5 Raumyr skole. Det blir julesanger, andakt, gang rundt juletreet, felleskirkelig barnekor og godteposer til barna. Etter samlingen blir det fellesskap med kaffe og kaker. Dette er en flott anledning til \u00e5 invitere med venner og familie til kirke. Ta gjerne med kaker til felles bord.<\/p>\n<\/div><\/div>\n\n\n\n<h2 class=\"wp-block-heading has-pale-cyan-blue-background-color has-background\">B\u00f8nnehuset Kongsberg<\/h2>\n\n\n\n<p class=\"has-pale-cyan-blue-background-color has-background\">Felleskirkelig B\u00f8nnehus p\u00e5 Kongsberg er i gang med samlinger p\u00e5 Tr\u00e5kka kafe. Oppstart i 2025 blir tirsdag 14. januar kl 19-21 og det blir samlinger hver 14. dag framover. Hovedfokus er \u00e5 be for Kongsberg. Samlingene er \u00e5pne for alle. Kom og g\u00e5 som det passer. Det blir kaffe, lovsang, tideb\u00f8nn, forb\u00f8nn og bibelmeditasjon.&nbsp;<\/p>\n\n\n\n<p class=\"has-white-color has-vivid-cyan-blue-background-color has-text-color has-background has-link-color wp-elements-2d0709e60cbdb4c58ff91e38c971a2ae\">Takk for det du har bidratt med i 2024. \u00d8nsker dere alle ei velsigna juletid og et godt nytt \u00e5r i Guds n\u00e6rv\u00e6r.<br><strong><em>&laquo;Slik skal lyset fra det h\u00f8ye\u00a0gjeste oss som en soloppgang\u00a0og skinne for dem som bor i m\u00f8rke og d\u00f8dens skygge,\u00a0og lede v\u00e5re f\u00f8tter inn p\u00e5 fredens vei.&raquo;<\/em><\/strong> <strong><em>Luk 1, 78b-79<\/em><\/strong><br>Mvh Ingeborg<\/p>\n\n\n\n<p><\/p>\n","protected":false},"excerpt":{"rendered":"<p>2024 g\u00e5r mot slutten. Det er tida for \u00e5 feire at Gud ble menneske. En tid som ofte kaller oss [&hellip;]<\/p>\n","protected":false},"author":1,"featured_media":0,"comment_status":"closed","ping_status":"closed","sticky":false,"template":"","format":"standard","meta":{"footnotes":""},"categories":[1],"tags":[94,23,72,98,97],"class_list":["post-1038","post","type-post","status-publish","format-standard","hentry","category-uncategorized","tag-alphakurs","tag-fellesskap","tag-menighetsmote","tag-nyhetsbrev","tag-ungdomsgruppe"],"_links":{"self":[{"href":"http:\/\/dinkirke.no\/wordpress\/index.php\/wp-json\/wp\/v2\/posts\/1038","targetHints":{"allow":["GET"]}}],"collection":[{"href":"http:\/\/dinkirke.no\/wordpress\/index.php\/wp-json\/wp\/v2\/posts"}],"about":[{"href":"http:\/\/dinkirke.no\/wordpress\/index.php\/wp-json\/wp\/v2\/types\/post"}],"author":[{"embeddable":true,"href":"http:\/\/dinkirke.no\/wordpress\/index.php\/wp-json\/wp\/v2\/users\/1"}],"replies":[{"embeddable":true,"href":"http:\/\/dinkirke.no\/wordpress\/index.php\/wp-json\/wp\/v2\/comments?post=1038"}],"version-history":[{"count":2,"href":"http:\/\/dinkirke.no\/wordpress\/index.php\/wp-json\/wp\/v2\/posts\/1038\/revisions"}],"predecessor-version":[{"id":1040,"href":"http:\/\/dinkirke.no\/wordpress\/index.php\/wp-json\/wp\/v2\/posts\/1038\/revisions\/1040"}],"wp:attachment":[{"href":"http:\/\/dinkirke.no\/wordpress\/index.php\/wp-json\/wp\/v2\/media?parent=1038"}],"wp:term":[{"taxonomy":"category","embeddable":true,"href":"http:\/\/dinkirke.no\/wordpress\/index.php\/wp-json\/wp\/v2\/categories?post=1038"},{"taxonomy":"post_tag","embeddable":true,"href":"http:\/\/dinkirke.no\/wordpress\/index.php\/wp-json\/wp\/v2\/tags?post=1038"}],"curies":[{"name":"wp","href":"https:\/\/api.w.org\/{rel}","templated":true}]}}